{"id":5206,"date":"2025-04-15T17:41:11","date_gmt":"2025-04-15T22:41:11","guid":{"rendered":"https:\/\/www.alem-colombia.org\/home\/?p=5206"},"modified":"2025-04-15T17:45:08","modified_gmt":"2025-04-15T22:45:08","slug":"esclerosis-multiple-la-importancia-de-mirar-lo-que-pocos-ven","status":"publish","type":"post","link":"https:\/\/www.alem-colombia.org\/home\/esclerosis-multiple-la-importancia-de-mirar-lo-que-pocos-ven\/","title":{"rendered":"Esclerosis m\u00faltiple: La importancia de mirar lo que pocos ven"},"content":{"rendered":"<div class=\"wp-block-image\">\n<figure class=\"aligncenter size-full is-resized\"><img fetchpriority=\"high\" decoding=\"async\" width=\"466\" height=\"263\" src=\"https:\/\/www.alem-colombia.org\/home\/wp-content\/uploads\/2025\/04\/Imagen-EM-ALEM.jpg\" alt=\"\" class=\"wp-image-5207\" style=\"width:346px;height:auto\"\/><\/figure>\n<\/div>\n\n\n<p>Soy Ana Mar\u00eda Mari\u00f1o, estudiante de sexto semestre de medicina de la Universidad El Bosque en Colombia, y actualmente realizo un voluntariado en ALEM (Asociaci\u00f3n de Lucha contra la Esclerosis M\u00faltiple). Desde mi experiencia en este espacio, he podido acercarme a una realidad que muchas veces pasa desapercibida en nuestra formaci\u00f3n m\u00e9dica: la importancia de conocer y visibilizar enfermedades como la esclerosis m\u00faltiple (EM).<\/p>\n\n\n\n<p>En este blog quiero compartir mi experiencia y reflexionar sobre el papel que, como m\u00e9dicos en formaci\u00f3n, graduados o especialistas, tenemos en la comprensi\u00f3n y apoyo a quienes viven con enfermedades raras.<\/p>\n\n\n\n<p><strong><em>La importancia de visibilizar la esclerosis m\u00faltiple: una perspectiva desde el voluntariado y la medicina<\/em><\/strong><\/p>\n\n\n\n<p>Desde que comenc\u00e9 mi formaci\u00f3n en medicina, he aprendido que el conocimiento de las enfermedades no se limita a lo que aparece con mayor frecuencia en los libros acad\u00e9micos o en los hospitales, ya que la medicina no se presenta con guiones exactos, en el cuerpo del paciente es d\u00f3nde la semiolog\u00eda cobra sentido. Existen muchas patolog\u00edas que, aunque menos comunes, tienen un impacto significativo en la vida de quienes las padecen. Una de ellas es la esclerosis m\u00faltiple (EM), una enfermedad autoinmune y neurodegenerativa que afecta el sistema nervioso central y que, a nivel mundial, se considera una enfermedad rara.<\/p>\n\n\n\n<p>Actualmente, tengo la oportunidad de hacer un voluntariado en ALEM (Asociaci\u00f3n Colombiana de Lucha contra la Esclerosis M\u00faltiple), una experiencia que me ha permitido ver m\u00e1s all\u00e1 de la teor\u00eda y acercarme&nbsp; de alguna manera a la realidad de los pacientes que viven con esta condici\u00f3n. A trav\u00e9s de este espacio, he comprendido que la visibilizaci\u00f3n de la esclerosis m\u00faltiple es fundamental no solo para los pacientes y sus familias, sino tambi\u00e9n para la comunidad m\u00e9dica en formaci\u00f3n.<\/p>\n\n\n\n<p><strong><em>M\u00e1s all\u00e1 de la teor\u00eda: la realidad del paciente con esclerosis m\u00faltiple<\/em><\/strong><\/p>\n\n\n\n<p>En nuestra formaci\u00f3n como estudiantes de medicina, muchas veces nos centramos en las patolog\u00edas m\u00e1s prevalentes, lo que deja en un segundo plano a enfermedades como la EM. Sin embargo, interactuar con pacientes que la padecen nos permite comprender su impacto real: la incertidumbre ante cada brote, la dificultad para acceder a tratamientos y el desaf\u00edo constante de vivir con una condici\u00f3n cr\u00f3nica que, en muchos casos, es poco comprendida por la sociedad y, en ocasiones, incluso por los profesionales de la salud.<\/p>\n\n\n\n<p>Uno de los aspectos que m\u00e1s me ha impactado en este voluntariado es la importancia del apoyo emocional. Los pacientes con EM enfrentan s\u00edntomas f\u00edsicos como fatiga, debilidad muscular, espasticidad y problemas de visi\u00f3n, pero tambi\u00e9n sufren las consecuencias emocionales y psicol\u00f3gicas de vivir con una enfermedad progresiva. Aqu\u00ed es donde el papel de los profesionales de la salud se vuelve crucial: no solo para diagnosticar y tratar, sino para acompa\u00f1ar y brindar una atenci\u00f3n integral.<\/p>\n\n\n\n<p><strong><em>El papel del estudiante de medicina en la visibilizaci\u00f3n de la EM<\/em><\/strong><\/p>\n\n\n\n<p>Como futuros m\u00e9dicos, tenemos la responsabilidad de ampliar nuestra perspectiva y conocer enfermedades menos frecuentes, pero igualmente importantes. La EM no es solo un tema de neur\u00f3logos o especialistas; en muchos casos, el diagn\u00f3stico temprano puede depender de m\u00e9dicos generales, internistas o incluso m\u00e9dicos de atenci\u00f3n primaria. Si desconocemos los signos iniciales o subestimamos los s\u00edntomas, podr\u00edamos retrasar un diagn\u00f3stico clave que impacta en la calidad de vida del paciente.<\/p>\n\n\n\n<p>Adem\u00e1s, involucrarnos en el conocimiento y la difusi\u00f3n de estas patolog\u00edas nos permite sensibilizar a la sociedad y contribuir a la lucha contra la desinformaci\u00f3n. Muchas enfermedades raras, incluida la EM, a\u00fan son vistas con escepticismo, lo que puede llevar a que los pacientes enfrenten discriminaci\u00f3n o barreras en el acceso a la salud. Participar en iniciativas como las de ALEM nos ayuda a cambiar esa realidad.<\/p>\n\n\n\n<p><strong><em>Conclusi\u00f3n: una mirada m\u00e1s humana a la medicina<\/em><\/strong><\/p>\n\n\n\n<p>Mi experiencia en ALEM ha reafirmado que la medicina no solo se trata de diagn\u00f3sticos y tratamientos, sino de personas, de historias y de luchas diarias que merecen ser escuchadas. La esclerosis m\u00faltiple es un ejemplo de c\u00f3mo una enfermedad puede transformar la vida de quienes la padecen, pero tambi\u00e9n de c\u00f3mo el apoyo de una comunidad informada puede marcar la diferencia.<\/p>\n\n\n\n<p>Por eso, considero que desde el pregrado debemos comprometernos con el aprendizaje de estas patolog\u00edas y con la humanizaci\u00f3n de la atenci\u00f3n m\u00e9dica. La visibilizaci\u00f3n es el primer paso para mejorar la calidad de vida de los pacientes, y nosotros, como futuros profesionales de la salud, podemos ser agentes de cambio en esta causa.<\/p>\n","protected":false},"excerpt":{"rendered":"<p>Soy Ana Mar\u00eda Mari\u00f1o, estudiante de sexto semestre de medicina de la Universidad El Bosque en Colombia, y actualmente realizo un voluntariado en ALEM (Asociaci\u00f3n de Lucha contra la Esclerosis M\u00faltiple). Desde mi experiencia en este espacio, he podido acercarme a una realidad que muchas veces pasa desapercibida en nuestra formaci\u00f3n m\u00e9dica: la importancia de [&hellip;]<\/p>\n","protected":false},"author":5,"featured_media":5207,"comment_status":"closed","ping_status":"closed","sticky":false,"template":"","format":"standard","meta":{"_monsterinsights_skip_tracking":false,"_monsterinsights_sitenote_active":false,"_monsterinsights_sitenote_note":"","_monsterinsights_sitenote_category":0,"footnotes":""},"categories":[85,80],"tags":[117,118,116],"class_list":["post-5206","post","type-post","status-publish","format-standard","has-post-thumbnail","hentry","category-actualidad-y-noticias","category-esclerosis-mutiple","tag-estudiante","tag-medicina","tag-voluntariado"],"aioseo_notices":[],"_links":{"self":[{"href":"https:\/\/www.alem-colombia.org\/home\/wp-json\/wp\/v2\/posts\/5206","targetHints":{"allow":["GET"]}}],"collection":[{"href":"https:\/\/www.alem-colombia.org\/home\/wp-json\/wp\/v2\/posts"}],"about":[{"href":"https:\/\/www.alem-colombia.org\/home\/wp-json\/wp\/v2\/types\/post"}],"author":[{"embeddable":true,"href":"https:\/\/www.alem-colombia.org\/home\/wp-json\/wp\/v2\/users\/5"}],"replies":[{"embeddable":true,"href":"https:\/\/www.alem-colombia.org\/home\/wp-json\/wp\/v2\/comments?post=5206"}],"version-history":[{"count":2,"href":"https:\/\/www.alem-colombia.org\/home\/wp-json\/wp\/v2\/posts\/5206\/revisions"}],"predecessor-version":[{"id":5209,"href":"https:\/\/www.alem-colombia.org\/home\/wp-json\/wp\/v2\/posts\/5206\/revisions\/5209"}],"wp:featuredmedia":[{"embeddable":true,"href":"https:\/\/www.alem-colombia.org\/home\/wp-json\/wp\/v2\/media\/5207"}],"wp:attachment":[{"href":"https:\/\/www.alem-colombia.org\/home\/wp-json\/wp\/v2\/media?parent=5206"}],"wp:term":[{"taxonomy":"category","embeddable":true,"href":"https:\/\/www.alem-colombia.org\/home\/wp-json\/wp\/v2\/categories?post=5206"},{"taxonomy":"post_tag","embeddable":true,"href":"https:\/\/www.alem-colombia.org\/home\/wp-json\/wp\/v2\/tags?post=5206"}],"curies":[{"name":"wp","href":"https:\/\/api.w.org\/{rel}","templated":true}]}}