{"id":5148,"date":"2024-04-25T09:14:28","date_gmt":"2024-04-25T14:14:28","guid":{"rendered":"https:\/\/www.alem-colombia.org\/home\/?p=5148"},"modified":"2024-04-25T09:25:11","modified_gmt":"2024-04-25T14:25:11","slug":"navegando-juntos-la-em","status":"publish","type":"post","link":"https:\/\/www.alem-colombia.org\/home\/navegando-juntos-la-em\/","title":{"rendered":"Navegando juntos la EM"},"content":{"rendered":"\n<p>Desde 2009 <strong>la Federaci\u00f3n Internacional de Esclerosis M\u00faltiple (MSIF) lider\u00f3 la iniciativa de <\/strong>conmemorar el \u201cD\u00eda Mundial de la Esclerosis M\u00faltiple\u201d, evento que desde esa fecha se viene desarrollando cada a\u00f1o.<\/p>\n\n\n\n<p>El D\u00eda Mundial de la Esclerosis M\u00faltiple se celebra el 30 de mayo, es una jornada internacional de sensibilizaci\u00f3n dirigida a todas las personas afectadas por la esclerosis m\u00faltiple (EM). Esta fecha re\u00fane a la comunidad cient\u00edfica, pacientes, acompa\u00f1antes, familias y asociaciones a nivel global, para compartir historias, concientizar y promover el cambio. Aun cuando se destina un d\u00eda para esta celebraci\u00f3n, durante todo el mes en todo el mundo se realizan diferentes actividades de visibilizaci\u00f3n (MSIF, 2024).<\/p>\n\n\n\n<p>La campa\u00f1a que lanza la Federaci\u00f3n Internacional MSIF para el a\u00f1o 2024 \u2013 2025 lleva como t\u00edtulo: \u201cMi diagn\u00f3stico de Esclerosis M\u00faltiple\u201d y plantea el eslogan: \u201cNavegando juntos la Esclerosis M\u00faltiple\u201d. De esta manera, se propende por disminuir las barreras globales que permitan acceder a un diagn\u00f3stico oportuno, preciso y temprano, adem\u00e1s de sensibilizar a la poblaci\u00f3n en general, compartiendo historias y datos reales.<\/p>\n\n\n<div class=\"wp-block-image\">\n<figure class=\"aligncenter size-full is-resized\"><img fetchpriority=\"high\" decoding=\"async\" width=\"884\" height=\"885\" src=\"https:\/\/www.alem-colombia.org\/home\/wp-content\/uploads\/2024\/04\/Mi-diagnostico-de-EM.jpg\" alt=\"\" class=\"wp-image-5149\" style=\"width:346px;height:auto\"\/><\/figure>\n<\/div>\n\n\n<p>Es as\u00ed como se hace importante aclarar qu\u00e9 es la Esclerosis M\u00faltiple.<\/p>\n\n\n\n<p><em>\u201cLa esclerosis m\u00faltiple (EM) es una enfermedad progresiva del sistema nervioso central (cerebro y m\u00e9dula espinal). La EM es una afecci\u00f3n desmielinizante inflamatoria. Esto significa que es causada por un da\u00f1o a la mielina, un material graso que a\u00edsla los nervios y act\u00faa de manera muy similar a la cubierta de un cable el\u00e9ctrico. En la EM, la p\u00e9rdida de mielina (desmielinizaci\u00f3n) va acompa\u00f1ada de una alteraci\u00f3n en la capacidad de los nervios para conducir impulsos el\u00e9ctricos hacia y desde el cerebro.\u201d<\/em>&nbsp;(MSFI, 2021)<\/p>\n\n\n\n<p>En Colombia la EM es la enfermedad hu\u00e9rfana o rara con may\u00f3r cantidad de pacientes. La EM se presenta de muchas formas en las personas diagnosticadas, y causa diferentes sintomas que var\u00edan de una persona a otra, raz\u00f3n por la que es conocida como la enfermedad de las mil caras. El encargado de hacer el diagn\u00f3stico es el neur\u00f3logo y para hacerlo se apoya en las siguientes pruebas:<\/p>\n\n\n\n<ul class=\"wp-block-list\">\n<li>El ex\u00e1men neurol\u00f3gico.<\/li>\n\n\n\n<li>Im\u00e1genes de resonancia magn\u00e9tica.<\/li>\n\n\n\n<li>Potenciales evocados.<\/li>\n\n\n\n<li>Punci\u00f3n lumbar.<\/li>\n\n\n\n<li>Pruebas que descarten otras condiciones m\u00e9dicas.<\/li>\n<\/ul>\n\n\n\n<p>Es importante tener claridad en que el diagn\u00f3stico, aunque dif\u00edcil de asimilar, no es determinante, y siempre es necesario seguir las recomendaciones del neur\u00f3logo. Tambi\u00e9n es recomendable acceder a fuentes confiables como asociaciones o federaciones expertas.<\/p>\n\n\n\n<p>Conecta con esta experiencia:<\/p>\n\n\n\n<figure class=\"wp-block-embed is-type-video is-provider-youtube wp-block-embed-youtube wp-embed-aspect-16-9 wp-has-aspect-ratio\"><div class=\"wp-block-embed__wrapper\">\n<iframe title=\"Navegando juntos la EM   Experiencia\" width=\"900\" height=\"506\" data-src=\"https:\/\/www.youtube.com\/embed\/ZoRNjTcF5ac?feature=oembed\" frameborder=\"0\" allow=\"accelerometer; autoplay; clipboard-write; encrypted-media; gyroscope; picture-in-picture; web-share\" referrerpolicy=\"strict-origin-when-cross-origin\" allowfullscreen src=\"data:image\/svg+xml;base64,PHN2ZyB3aWR0aD0iMSIgaGVpZ2h0PSIxIiB4bWxucz0iaHR0cDovL3d3dy53My5vcmcvMjAwMC9zdmciPjwvc3ZnPg==\" class=\"lazyload\" data-load-mode=\"1\"><\/iframe>\n<\/div><\/figure>\n","protected":false},"excerpt":{"rendered":"<p>Desde 2009 la Federaci\u00f3n Internacional de Esclerosis M\u00faltiple (MSIF) lider\u00f3 la iniciativa de conmemorar el \u201cD\u00eda Mundial de la Esclerosis M\u00faltiple\u201d, evento que desde esa fecha se viene desarrollando cada a\u00f1o. El D\u00eda Mundial de la Esclerosis M\u00faltiple se celebra el 30 de mayo, es una jornada internacional de sensibilizaci\u00f3n dirigida a todas las personas [&hellip;]<\/p>\n","protected":false},"author":5,"featured_media":5150,"comment_status":"closed","ping_status":"closed","sticky":false,"template":"","format":"standard","meta":{"_monsterinsights_skip_tracking":false,"_monsterinsights_sitenote_active":false,"_monsterinsights_sitenote_note":"","_monsterinsights_sitenote_category":0,"footnotes":""},"categories":[85,80],"tags":[107,111,100,84],"class_list":["post-5148","post","type-post","status-publish","format-standard","has-post-thumbnail","hentry","category-actualidad-y-noticias","category-esclerosis-mutiple","tag-30-de-mayo","tag-dia-mundial","tag-diagnostico","tag-esclerosis-multiple"],"aioseo_notices":[],"_links":{"self":[{"href":"https:\/\/www.alem-colombia.org\/home\/wp-json\/wp\/v2\/posts\/5148","targetHints":{"allow":["GET"]}}],"collection":[{"href":"https:\/\/www.alem-colombia.org\/home\/wp-json\/wp\/v2\/posts"}],"about":[{"href":"https:\/\/www.alem-colombia.org\/home\/wp-json\/wp\/v2\/types\/post"}],"author":[{"embeddable":true,"href":"https:\/\/www.alem-colombia.org\/home\/wp-json\/wp\/v2\/users\/5"}],"replies":[{"embeddable":true,"href":"https:\/\/www.alem-colombia.org\/home\/wp-json\/wp\/v2\/comments?post=5148"}],"version-history":[{"count":0,"href":"https:\/\/www.alem-colombia.org\/home\/wp-json\/wp\/v2\/posts\/5148\/revisions"}],"wp:featuredmedia":[{"embeddable":true,"href":"https:\/\/www.alem-colombia.org\/home\/wp-json\/wp\/v2\/media\/5150"}],"wp:attachment":[{"href":"https:\/\/www.alem-colombia.org\/home\/wp-json\/wp\/v2\/media?parent=5148"}],"wp:term":[{"taxonomy":"category","embeddable":true,"href":"https:\/\/www.alem-colombia.org\/home\/wp-json\/wp\/v2\/categories?post=5148"},{"taxonomy":"post_tag","embeddable":true,"href":"https:\/\/www.alem-colombia.org\/home\/wp-json\/wp\/v2\/tags?post=5148"}],"curies":[{"name":"wp","href":"https:\/\/api.w.org\/{rel}","templated":true}]}}