{"id":4891,"date":"2022-03-22T15:01:44","date_gmt":"2022-03-22T20:01:44","guid":{"rendered":"https:\/\/www.alem-colombia.org\/home\/?p=4891"},"modified":"2022-04-05T15:43:49","modified_gmt":"2022-04-05T20:43:49","slug":"la-historia-de-juan-david-salamanca-y-como-la-em-no-le-ha-impedido-a-ser-licenciado-de-idiomas-y-chef","status":"publish","type":"post","link":"https:\/\/www.alem-colombia.org\/home\/la-historia-de-juan-david-salamanca-y-como-la-em-no-le-ha-impedido-a-ser-licenciado-de-idiomas-y-chef\/","title":{"rendered":"La historia de Juan David Salamanca y c\u00f3mo la EM no le ha impedido a ser Licenciado de Idiomas y Chef"},"content":{"rendered":"\n<p>Una de las falencias al comenzar con los s\u00edntomas de la esclerosis m\u00faltiple es que los pacientes se sienten mal al no conseguir una explicaci\u00f3n concisa para su enfermedad, y una de las preguntas que surgen cuando no hay un diagn\u00f3stico claro puede ser: \u00bfser\u00e1 que me estoy inventando todo esto? en ocasiones el individuo no habla sobre ello, entrando en desesperaci\u00f3n y agobio.<\/p>\n\n\n\n<p>La EM es dif\u00edcil de hallar, el proceso depende de cada organismo, es decir, pueden aparecer s\u00edntomas como: temblores, trastornos del habla, que son los visibles; o en cambio, los no visibles como: espasticidad o p\u00e9rdida de equilibrio, ya que en algunos casos estas se\u00f1ales se adaptan a otro tipo de enfermedad.<\/p>\n\n\n\n<p>Este problema de no entender qu\u00e9 suced\u00eda con su cuerpo, lo tuvo que pasar Juan David Salamanca Sierra, quien naci\u00f3 en la d\u00e9cada de los setenta y actualmente reside en la ciudad de Envigado, Antioquia.<\/p>\n\n\n\n<p><strong>El diagn\u00f3stico<\/strong><\/p>\n\n\n\n<p>Juan, una persona que sufri\u00f3 de enfermedades \u201ccomunes\u201d como paperas, sarampi\u00f3n, varicela y viruela; a sus 17 a\u00f1os de edad se enfrent\u00f3 a una que cambiar\u00eda su vida por completo.<\/p>\n\n\n\n<p>Todo comenz\u00f3 en bachillerato en donde se percat\u00f3 que algo estaba mal con su cuerpo, los calambres o entumecimientos en brazos y piernas fueron los primeros s\u00edntomas de alerta; as\u00ed mismo: mareos muy fuertes y episodios de fiebre alta.<\/p>\n\n\n\n<p>Adicionalmente, escalofr\u00edos que lo llevaron a la cama por varios d\u00edas y que no lograban dejarlo mover como normalmente lo hac\u00eda, luego de a\u00f1os y con el diagn\u00f3stico adecuado supo que se trataba de una reca\u00edda.<\/p>\n\n\n\n<p>Desde all\u00ed empezaron las preguntas sin respuestas, a consultar m\u00e9dicos generales que no ten\u00edan \u00e9xito en qu\u00e9 era lo que pasaba con su cuerpo, as\u00ed que en \u00faltima medida Juan fue enviado a un neur\u00f3logo.<\/p>\n\n\n\n<p>El especialista m\u00e9dico Pineda, al fin le dio nombre a la enfermedad que tra\u00eda diversos s\u00edntomas, asegurando que padec\u00eda de EM. Este diagn\u00f3stico fue corroborado con im\u00e1genes de resonancia magn\u00e9tica, sin embargo, estas tambi\u00e9n trajeron una noticia poco alentadora.<\/p>\n\n\n\n<p>Por el avance de la enfermedad, dictamin\u00f3 que al t\u00e9rmino de 5 a\u00f1os el paciente estar\u00eda en silla de ruedas.<\/p>\n\n\n\n<figure class=\"wp-block-embed aligncenter is-type-video is-provider-youtube wp-block-embed-youtube wp-embed-aspect-16-9 wp-has-aspect-ratio\"><div class=\"wp-block-embed__wrapper\">\n<iframe title=\"Testimonio Juan David Salamanca\" width=\"900\" height=\"506\" data-src=\"https:\/\/www.youtube.com\/embed\/YY7_1uywWMI?feature=oembed\" frameborder=\"0\" allow=\"accelerometer; autoplay; clipboard-write; encrypted-media; gyroscope; picture-in-picture\" allowfullscreen src=\"data:image\/svg+xml;base64,PHN2ZyB3aWR0aD0iMSIgaGVpZ2h0PSIxIiB4bWxucz0iaHR0cDovL3d3dy53My5vcmcvMjAwMC9zdmciPjwvc3ZnPg==\" class=\"lazyload\" data-load-mode=\"1\"><\/iframe>\n<\/div><\/figure>\n\n\n\n<p>&#8211; Recordemos que el uso de esta herramienta de movilidad, no es siempre obligatoria para los pacientes de esclerosis m\u00faltiple; en ocasiones es utilizada para evitar ca\u00eddas, descansar o no esforzar tanto las piernas, evitando as\u00ed la p\u00e9rdida de la aptitud de caminar. <\/p>\n\n\n\n<p>El uso de la silla de ruedas depender\u00e1 de cada paciente y su avance con la Esclerosis M\u00faltiple.<\/p>\n\n\n\n<p><strong>El inicio de una lucha<\/strong><\/p>\n\n\n\n<p>Para combatir la enfermedad Juan comenz\u00f3 a tomar medicamentos para reducir la inflamaci\u00f3n. Luego de muchas investigaciones en el campo de la EM, tambi\u00e9n se introdujeron medicinas para reforzar el sistema inmunitario y combatir infecciones.<\/p>\n\n\n\n<p>Un paciente al enterarse del diagn\u00f3stico, generalmente puede traer alteraciones en su vida cotidiana, lo que causa en varias ocasiones tomar decisiones equivocadas. Sin embargo, una de las mejores soluciones para Juan fue dedicarse a la meditaci\u00f3n.<\/p>\n\n\n\n<p><strong>Vivir con la esclerosis m\u00faltiple \u00a1Es posible!<\/strong><\/p>\n\n\n\n<p>Juan debido a su conocimiento en las artes culinarias, trabaj\u00f3 en la cocina de un lugar de retiro, llegando a servirle a m\u00e1s de 100 comensales. A pesar de su dedicaci\u00f3n y amor hacia su labor, tuvo que detener el traj\u00edn de la misma, y dedicarse a labores m\u00e1s sencillas, por ello opt\u00f3 por la jardiner\u00eda, costura de prendas y utensilios.<\/p>\n\n\n\n<div class=\"wp-block-image\"><figure class=\"aligncenter size-large\"><img fetchpriority=\"high\" decoding=\"async\" width=\"928\" height=\"1024\" src=\"https:\/\/www.alem-colombia.org\/home\/wp-content\/uploads\/2022\/03\/ddb15380-d3c1-48a4-9738-beb6c9cca4b1-928x1024.jpg\" alt=\"\" class=\"wp-image-4893\"\/><\/figure><\/div>\n\n\n\n<p>Luego de 6 a\u00f1os abandon\u00f3 aquel sitio rodeado de naturaleza, p\u00e1jaros cantando y de la vista al nevado del Tolima, ya que su cuerpo no pudo seguir con su rutina. Sin embargo, todo el tiempo que estuvo en este municipio lo ayud\u00f3 a mentalizarse, controlar y seguir su vida con esta enfermedad.<\/p>\n\n\n\n<p>Juan lleva 6 a\u00f1os sin tener alguna reca\u00edda y sus ex\u00e1menes del virus JC (John Cunningham) han salido negativos.<\/p>\n\n\n\n<p>Hoy en d\u00eda Juan David amante de la lectura (que es uno de los regalos m\u00e1s lindos de la vida, menciona \u00e9l), es orgullosamente licenciado de ingl\u00e9s de la UNAD desde el a\u00f1o 2021, y a pesar de que a\u00fan no ha podido ejercer su profesi\u00f3n, el camino que una vez abandon\u00f3, lo retom\u00f3 sin importar su enfermedad.<\/p>\n\n\n\n<p>En conclusi\u00f3n, personas como Juan David Salamanca demuestran que seguir adelante es una opci\u00f3n, una decisi\u00f3n de progresar y seguir en la cotidianidad a pesar de la enfermedad. <\/p>\n\n\n\n<p>Por esta raz\u00f3n, organizaciones sin \u00e1nimo de lucro como <a href=\"https:\/\/www.alem-colombia.org\/home\/\">Alem<\/a>, trabajan para ayudar a pacientes con esclerosis m\u00faltiple, porque sabemos que todos necesitamos una mano solidaria.<\/p>\n","protected":false},"excerpt":{"rendered":"<p>Una de las falencias al comenzar con los s\u00edntomas de la esclerosis m\u00faltiple es que los pacientes se sienten mal al no conseguir una explicaci\u00f3n concisa para su enfermedad, y una de las preguntas que surgen cuando no hay un diagn\u00f3stico claro puede ser: \u00bfser\u00e1 que me estoy inventando todo esto? en ocasiones el individuo [&hellip;]<\/p>\n","protected":false},"author":5,"featured_media":4892,"comment_status":"closed","ping_status":"closed","sticky":false,"template":"","format":"standard","meta":{"_monsterinsights_skip_tracking":false,"_monsterinsights_sitenote_active":false,"_monsterinsights_sitenote_note":"","_monsterinsights_sitenote_category":0,"footnotes":""},"categories":[80],"tags":[100,93,84,101],"class_list":["post-4891","post","type-post","status-publish","format-standard","has-post-thumbnail","hentry","category-esclerosis-mutiple","tag-diagnostico","tag-em","tag-esclerosis-multiple","tag-sintomas"],"aioseo_notices":[],"_links":{"self":[{"href":"https:\/\/www.alem-colombia.org\/home\/wp-json\/wp\/v2\/posts\/4891","targetHints":{"allow":["GET"]}}],"collection":[{"href":"https:\/\/www.alem-colombia.org\/home\/wp-json\/wp\/v2\/posts"}],"about":[{"href":"https:\/\/www.alem-colombia.org\/home\/wp-json\/wp\/v2\/types\/post"}],"author":[{"embeddable":true,"href":"https:\/\/www.alem-colombia.org\/home\/wp-json\/wp\/v2\/users\/5"}],"replies":[{"embeddable":true,"href":"https:\/\/www.alem-colombia.org\/home\/wp-json\/wp\/v2\/comments?post=4891"}],"version-history":[{"count":0,"href":"https:\/\/www.alem-colombia.org\/home\/wp-json\/wp\/v2\/posts\/4891\/revisions"}],"wp:featuredmedia":[{"embeddable":true,"href":"https:\/\/www.alem-colombia.org\/home\/wp-json\/wp\/v2\/media\/4892"}],"wp:attachment":[{"href":"https:\/\/www.alem-colombia.org\/home\/wp-json\/wp\/v2\/media?parent=4891"}],"wp:term":[{"taxonomy":"category","embeddable":true,"href":"https:\/\/www.alem-colombia.org\/home\/wp-json\/wp\/v2\/categories?post=4891"},{"taxonomy":"post_tag","embeddable":true,"href":"https:\/\/www.alem-colombia.org\/home\/wp-json\/wp\/v2\/tags?post=4891"}],"curies":[{"name":"wp","href":"https:\/\/api.w.org\/{rel}","templated":true}]}}