{"id":4856,"date":"2022-03-18T12:40:40","date_gmt":"2022-03-18T17:40:40","guid":{"rendered":"https:\/\/www.alem-colombia.org\/home\/?p=4856"},"modified":"2022-03-22T15:03:57","modified_gmt":"2022-03-22T20:03:57","slug":"bertha-jimenez-y-la-historia-de-como-se-convirtio-en-una-guerrera-de-la-vida-con-em","status":"publish","type":"post","link":"https:\/\/www.alem-colombia.org\/home\/bertha-jimenez-y-la-historia-de-como-se-convirtio-en-una-guerrera-de-la-vida-con-em\/","title":{"rendered":"Bertha Jim\u00e9nez y la historia de c\u00f3mo se convirti\u00f3 en una guerrera de la vida con EM"},"content":{"rendered":"\n<p>Para ser un guerrero hay que librar batallas de la vida, las cuales logran en nosotros una valent\u00eda capaz de afrontar cualquier dificultad. Y estas cualidades son muy probables de encontrarlas en nuestros pacientes con EM.<\/p>\n\n\n\n<p>La enfermedad a\u00fan sigue en investigaci\u00f3n y poco a poco ha arrojado nuevos datos; hoy en d\u00eda existen 3.462 colombianos con Esclerosis m\u00faltiple, la cual altera el cerebro y la m\u00e9dula espinal, lesionando la vaina de mielina que es el material que rodea y protege las c\u00e9lulas nerviosas.<\/p>\n\n\n\n<p>Ser diagnosticado (a) con EM no es f\u00e1cil de afrontar, sin embargo, a medida que es impulsado el conocimiento de la misma, se crean v\u00ednculos y mecanismos para que la vida cotidiana posea mejor calidad de vida.<\/p>\n\n\n\n<p>En algunas ocasiones pensamos \u00bfser\u00e1 que puedo tener una vida habitual si tengo esclerosis m\u00faltiple? Y la respuesta es S\u00cd. Un ejemplo, es la se\u00f1ora <strong>Bertha Eugenia Jim\u00e9nez Mantilla de Posada<\/strong> quien naci\u00f3 en Bucaramanga el 17 de febrero de 1954 y su enfermedad fue descubierta en el a\u00f1o 1976, a sus 22 a\u00f1os.<\/p>\n\n\n\n<p>Ella es amorosa, detallista e impulsiva, durante su vida ha salido adelante; era una mujer que jugaba <em>hula hula<\/em> con sus hermanos y vecinos; adem\u00e1s apasionada por entender y observar los cuerpos celestes, por eso la astronom\u00eda es un tema que comparte en com\u00fan con su esposo, y amigos.<\/p>\n\n\n\n<p>Actualmente la cocina es su lugar preferido en donde crea y se inspira, como cuando hace unas deliciosas galletas.<\/p>\n\n\n\n<p><strong>Inicios de la enfermedad<\/strong><\/p>\n\n\n\n<p>La se\u00f1ora Bertha desde peque\u00f1a ha estado lidiando con: Tifo; Tos Ferina; Hepatitis A y Paperas. Su madre (Q.E.P.D) sufri\u00f3 de Agranulocitosis y Artritis Reumatoide, y por \u00faltimo una prima-hermana tuvo Guillain Barr\u00e9.<\/p>\n\n\n\n<p>Aproximadamente a los 9 a\u00f1os de edad, sufri\u00f3 de Mononucleosis Infecciosa (Virus de Epstein Barr). Este es un virus que pertenece a la familia de los herpes virus, es transmitido a trav\u00e9s de la saliva (por un beso o por compartir un alimento), generando as\u00ed la mononucleosis. Esta se encuentra en 9 de cada 10 personas en todo el mundo.<\/p>\n\n\n\n<p>Este virus seg\u00fan una investigaci\u00f3n publicada el 14 de enero de 2022 por la <a href=\"https:\/\/www.science.org\/doi\/10.1126\/science.abj8222?adobe_mc=MCMID%3D12653341256652923332498295839662509595%7CMCORGID%3D242B6472541199F70A4C98A6%2540AdobeOrg%7CTS%3D1642061852&amp;_ga=2.199431726.1871682393.1641923486-1781099232.1581035251\" target=\"_blank\" rel=\"noopener\">r<\/a><a href=\"https:\/\/www.science.org\/doi\/10.1126\/science.abj8222?adobe_mc=MCMID%3D12653341256652923332498295839662509595%7CMCORGID%3D242B6472541199F70A4C98A6%2540AdobeOrg%7CTS%3D1642061852&amp;_ga=2.199431726.1871682393.1641923486-1781099232.1581035251\" target=\"_blank\" rel=\"noopener\"><em>evista Science <\/em><\/a>ser\u00eda probablemente la principal causa de la esclerosis m\u00faltiple. Lee m\u00e1s <a href=\"https:\/\/www.alem-colombia.org\/home\/relacion-entre-infeccion-por-virus-epstein-barr-y-esclerosis-multiple\/\">aqu\u00ed <\/a><strong><\/strong><\/p>\n\n\n\n<p>Ahora bien, el primer s\u00edntoma comenz\u00f3 en el ojo izquierdo, tuvo visi\u00f3n borrosa y luego de un d\u00eda ya ten\u00eda p\u00e9rdida total del mismo. Luego de muchos an\u00e1lisis realizados por el doctor Barraquer, m\u00e9dico oftalm\u00f3logo, se lleg\u00f3 a la fuente del problema: escotoma central en el ojo. El cual es un punto ciego en la visi\u00f3n y generalmente se da por problemas cerebrales, por ende, Bertha acudi\u00f3 a un neur\u00f3logo.<\/p>\n\n\n\n<p>Internada en el Instituto Neurol\u00f3gico Nacional en Bogot\u00e1, se someti\u00f3 a una punci\u00f3n lumbar y varios ex\u00e1menes de laboratorio para as\u00ed ir descartando las enfermedades Devic y Neuritis \u00f3ptica. El doctor Bar\u00f3n luego de los resultados confirm\u00f3 que la paciente ten\u00eda Esclerosis M\u00faltiple.<\/p>\n\n\n\n<figure class=\"wp-block-video aligncenter\"><video controls src=\"https:\/\/www.alem-colombia.org\/home\/wp-content\/uploads\/2022\/03\/WhatsApp-Video-2022-03-10-at-4.19.59-PM-2.mp4\"><\/video><\/figure>\n\n\n\n<p><strong>El poder de la ciencia<\/strong><\/p>\n\n\n\n<p>Como mencionamos anteriormente, la esclerosis m\u00faltiple no tiene cura, no obstante, por medio de medicamentos se puede tratar y disminuir el dolor y\/o el avance de los s\u00edntomas; tambi\u00e9n son recetados para lograr dormir debido a posibles efectos secundarios que podr\u00edan causar insomnio. Adicionalmente, la medicina alivia la inflamaci\u00f3n en varias partes del cuerpo.<\/p>\n\n\n\n<p>Cuando Bertha comenz\u00f3 con el tratamiento de corticoides la visi\u00f3n volvi\u00f3 a ser normal y a la semana siguiente ya pudo volver a trabajar.<\/p>\n\n\n\n<p>Al atravesar varias reca\u00eddas donde se internaba en la cl\u00ednica, el neur\u00f3logo la recetaba. Y as\u00ed poco a poco, la incre\u00edble mujer que no se rend\u00eda con nada fue llevando la enfermedad diagnosticada y adapt\u00e1ndola a su estilo de vida.<\/p>\n\n\n\n<p>Hay que tener en cuenta que cada receta m\u00e9dica puede ser diferente, y los efectos secundarios var\u00edan y dependen de cada organismo y el avance de la EM.<\/p>\n\n\n\n<p><strong>\u00bfC\u00f3mo ha sido su vida desde entonces?<\/strong><\/p>\n\n\n\n<p>No ha sido f\u00e1cil adaptarse a la EM, el apoyo de los seres queridos ha sido el mejor motor para ella, adem\u00e1s el \u201ccuidado inigualable\u201d (dicho as\u00ed por ella), de su esposo Carlos Alberto Posada, con el que se cas\u00f3 el 8 de noviembre de 1975 y llevan actualmente 46 a\u00f1os juntos.<\/p>\n\n\n\n<p>Sus dos hijos nacieron de un amor incondicional, Juan Carlos de 37 a\u00f1os y Camila de 36, quienes no presentan ning\u00fan problema de salud y son la fuerza y motivaci\u00f3n de cada d\u00eda.<\/p>\n\n\n\n<p>Bertha inici\u00f3 el contacto en el 2009 con Alem , una asociaci\u00f3n sin \u00e1nimo de lucro que busca ayudar y guiar a todas las personas con esclerosis m\u00faltiple.<\/p>\n\n\n\n<p>Desde ese momento comenz\u00f3 hacer parte de un voluntariado presidido por la Universidad de Antioquia, con el programa &#8220;Pr\u00e9stame Tus Ojos&#8221;; que ayuda a estudiantes invidentes de esa universidad, y estando en ello, luego de 8 a\u00f1os lleg\u00f3 la reca\u00edda. Tuvo dificultades para caminar, pero esta vez no perdi\u00f3 la visi\u00f3n.<\/p>\n\n\n\n<p>Por lo tanto, empez\u00f3 a recibir medicamento, recetado por el doctor Omar Buritica, para la inflamaci\u00f3n, y la prevenci\u00f3n del da\u00f1o a los nervios que puede causar los s\u00edntomas de la EM).<\/p>\n\n\n\n<p>Esta es la historia de vida de Bertha Eugenia Jim\u00e9nez Mantilla de Posada, quien lucha d\u00eda a d\u00eda para no dejarse vencer por la enfermedad. Su valent\u00eda la han llevado a seguir agradeciendo y superando cada obst\u00e1culo, porque como lo hemos dicho, un diagn\u00f3stico no es una derrota.<\/p>\n\n\n\n<p>Si deseas saber m\u00e1s sobre la EM no dudes en comunicarte con Alem, estamos para apoyarte.<\/p>\n","protected":false},"excerpt":{"rendered":"<p>Para ser un guerrero hay que librar batallas de la vida, las cuales logran en nosotros una valent\u00eda capaz de afrontar cualquier dificultad. Y estas cualidades son muy probables de encontrarlas en nuestros pacientes con EM. La enfermedad a\u00fan sigue en investigaci\u00f3n y poco a poco ha arrojado nuevos datos; hoy en d\u00eda existen 3.462 [&hellip;]<\/p>\n","protected":false},"author":5,"featured_media":4896,"comment_status":"closed","ping_status":"closed","sticky":false,"template":"","format":"standard","meta":{"_monsterinsights_skip_tracking":false,"_monsterinsights_sitenote_active":false,"_monsterinsights_sitenote_note":"","_monsterinsights_sitenote_category":0,"footnotes":""},"categories":[80],"tags":[93,86],"class_list":["post-4856","post","type-post","status-publish","format-standard","has-post-thumbnail","hentry","category-esclerosis-mutiple","tag-em","tag-esclerosis-multiple-colombia"],"aioseo_notices":[],"_links":{"self":[{"href":"https:\/\/www.alem-colombia.org\/home\/wp-json\/wp\/v2\/posts\/4856","targetHints":{"allow":["GET"]}}],"collection":[{"href":"https:\/\/www.alem-colombia.org\/home\/wp-json\/wp\/v2\/posts"}],"about":[{"href":"https:\/\/www.alem-colombia.org\/home\/wp-json\/wp\/v2\/types\/post"}],"author":[{"embeddable":true,"href":"https:\/\/www.alem-colombia.org\/home\/wp-json\/wp\/v2\/users\/5"}],"replies":[{"embeddable":true,"href":"https:\/\/www.alem-colombia.org\/home\/wp-json\/wp\/v2\/comments?post=4856"}],"version-history":[{"count":0,"href":"https:\/\/www.alem-colombia.org\/home\/wp-json\/wp\/v2\/posts\/4856\/revisions"}],"wp:featuredmedia":[{"embeddable":true,"href":"https:\/\/www.alem-colombia.org\/home\/wp-json\/wp\/v2\/media\/4896"}],"wp:attachment":[{"href":"https:\/\/www.alem-colombia.org\/home\/wp-json\/wp\/v2\/media?parent=4856"}],"wp:term":[{"taxonomy":"category","embeddable":true,"href":"https:\/\/www.alem-colombia.org\/home\/wp-json\/wp\/v2\/categories?post=4856"},{"taxonomy":"post_tag","embeddable":true,"href":"https:\/\/www.alem-colombia.org\/home\/wp-json\/wp\/v2\/tags?post=4856"}],"curies":[{"name":"wp","href":"https:\/\/api.w.org\/{rel}","templated":true}]}}